{"provider_url": "https://www.pariqueraacu.sp.leg.br", "title": "40\u00aa SESS\u00c3O ORDIN\u00c1RIA EM 08/12/2025", "html": "\r\n\r\n<br />\r\n<br />\r\n<br />\r\n<br />\r\n<br />\r\n<br />\r\n<br />\r\n<br />\r\n<br />\r\n<br />\r\n\r\n<h2 style=\"text-align: center;\"><strong style=\"font-family:Helvetica; color: #0993e4; font-size: 24px\">\r\nEXPEDIENTE DO SENHOR PREFEITO\r\n</strong></h2>\r\n\r\n\r\n<br />\r\n<br />\r\n\r\n\r\n<div style=\"text-align: center;\">\r\n<strong style=\"font-family: Helvetica; color: #000000; font-size: 22px;\">\r\nPROJETO\r\n</strong>\r\n</div>\r\n\r\n\r\n<br />\r\n<br />\r\n\r\n\r\n<p style=\"text-align: justify; font-family: helvetica; font-size: 20px; margin-bottom: 15px;\">\r\n    <a href=\"https://sapl.pariqueraacu.sp.leg.br/media/sapl/public/documentoacessorioadministrativo/191/plc_08_2025.pdf\" style=\"color: #013fce; text-decoration: underline;\">\r\n        Projeto de Lei Complementar n.\u00ba 08/2025</a>:\r\n    <a style=\"color: black; text-decoration: none;\">\r\n        Disp\u00f5e sobre o C\u00f3digo Tribut\u00e1rio Municipal de Pariquera-A\u00e7u e d\u00e1 outras provid\u00eancias, adaptando a legisla\u00e7\u00e3o tribut\u00e1ria municipal \u00e0 EC 132/2023.\r\n    </a>\r\n</p>\r\n\r\n\r\n<br />\r\n<br />\r\n\r\n\r\n<div style=\"text-align: center;\">\r\n<strong style=\"font-family: Helvetica; color: #000000; font-size: 22px;\">\r\nOF\u00cdCIO\r\n</strong>\r\n</div>\r\n\r\n\r\n<br />\r\n<br />\r\n\r\n\r\n<p style=\"text-align: justify; font-family: helvetica; font-size: 20px; margin-bottom: 15px;\">\r\n    <a href=\"https://sapl.pariqueraacu.sp.leg.br/media/sapl/public/documentoacessorioadministrativo/192/memo_023_2025.pdf\" style=\"color: #013fce; text-decoration: underline;\">\r\n        Memorando n.\u00ba 23/2025-SME</a>:\r\n    <a style=\"color: black; text-decoration: none;\">\r\n        Da Secretaria de Educa\u00e7\u00e3o do Munic\u00edpio, em resposta ao Of\u00edcio de Gabinete do Vereador Edson Leite, que solicitou informa\u00e7\u00f5es sobre o reajuste dos profissionais do magist\u00e9rio.\r\n    </a>\r\n</p>\r\n\r\n\r\n<br />\r\n<br />\r\n\r\n\r\n\r\n\r\n\r\n\r\n<h2 style=\"text-align: center;\"><strong style=\"font-family:Helvetica; color: #0993e4; font-size: 24px\">\r\nEXPEDIENTE DOS SENHORES VEREADORES\r\n</strong></h2>\r\n\r\n\r\n<br />\r\n<br />\r\n\r\n\r\n<div style=\"text-align: center;\">\r\n<strong style=\"font-family: Helvetica; color: #000000; font-size: 22px;\">\r\nPROPOSITURAS\r\n</strong>\r\n</div>\r\n\r\n\r\n<br />\r\n<br />\r\n\r\n\r\n<p style=\"text-align: justify; font-family: helvetica; font-size: 20px; margin-bottom: 15px;\">\r\n    <a href=\"https://sapl.pariqueraacu.sp.leg.br/media/sapl/public/documentoacessorioadministrativo/193/prop.pdf\" style=\"color: #013fce; text-decoration: underline;\">\r\n        Indica\u00e7\u00e3o n.\u00ba 221/2025</a>:\r\n    <a style=\"color: black; text-decoration: none;\">\r\n        Ao Senhor Prefeito Municipal, indica melhorias na Farm\u00e1cia Municipal, de autoria dos Vereadores Cleiton Mineiro, Lucas Dendevitz, Milton Ticaca e Odair Bressa.\r\n    </a>\r\n</p>\r\n\r\n<p style=\"text-align: justify; font-family: helvetica; font-size: 20px; margin-bottom: 15px;\">\r\n    <a href=\"https://sapl.pariqueraacu.sp.leg.br/media/sapl/public/documentoacessorioadministrativo/193/prop.pdf#page=4\" style=\"color: #013fce; text-decoration: underline;\">\r\n        Indica\u00e7\u00e3o n.\u00ba 222/2025</a>:\r\n    <a style=\"color: black; text-decoration: none;\">\r\n        Ao Senhor Prefeito Municipal, indica a manuten\u00e7\u00e3o de estradas rurais, de autoria dos Vereadores Cleiton Mineiro, Lucas Dendevitz, Milton Ticaca e Odair Bressa.\r\n    </a>\r\n</p>\r\n\r\n<p style=\"text-align: justify; font-family: helvetica; font-size: 20px; margin-bottom: 15px;\">\r\n    <a href=\"https://sapl.pariqueraacu.sp.leg.br/media/sapl/public/documentoacessorioadministrativo/193/prop.pdf#page=6\" style=\"color: #013fce; text-decoration: underline;\">\r\n        Indica\u00e7\u00e3o n.\u00ba 223/2025</a>:\r\n    <a style=\"color: black; text-decoration: none;\">\r\n        Ao Senhor Prefeito Municipal, indica a instala\u00e7\u00e3o de 01 (um) redutor de velocidade (lombada), na estrada do Bairro Alto, pr\u00f3ximo \u00e0 Ch\u00e1cara Medeiros, de autoria do Vereador Edson Leite.\r\n    </a>\r\n</p>\r\n\r\n<p style=\"text-align: justify; font-family: helvetica; font-size: 20px; margin-bottom: 15px;\">\r\n    <a href=\"https://sapl.pariqueraacu.sp.leg.br/media/sapl/public/documentoacessorioadministrativo/193/prop.pdf\" style=\"color: #013fce; text-decoration: underline;\">\r\n        Mo\u00e7\u00e3o de Aplausos n.\u00ba 31/2025</a>:\r\n    <a style=\"color: black; text-decoration: none;\">\r\n        Aos atletas Jo\u00e3o Victor Ribeiro Miranda Da Silva, Luiz Ot\u00e1vio Alves Silva e Odair Galdino Rodrigues pelo m\u00e9rito esportivo e trajet\u00f3ria no esporte, de autoria dos Vereadores Cleiton Mineiro, Lucas Dendevitz, Milton Ticaca e Odair Bressa.\r\n    </a>\r\n</p>\r\n\r\n\r\n\r\n\r\n\r\n<br />\r\n<br />\r\n\r\n\r\n<h2 style=\"text-align: center;\"><strong style=\"font-family:Helvetica; color: #0993e4; font-size: 24px\">\r\nORDEM DO DIA\r\n</strong></h2>\r\n\r\n\r\n<br />\r\n<br />\r\n\r\n\r\n<p style=\"text-align: justify; font-family: helvetica; font-size: 20px; margin-bottom: 15px;\">\r\n    <a href=\"https://sapl.pariqueraacu.sp.leg.br/media/sapl/public/documentoacessorioadministrativo/194/pl_21_2025.pdf\" style=\"color: #013fce; text-decoration: underline;\">\r\n        Projeto de Lei n.\u00ba 21/2025</a>:\r\n    <a style=\"color: black; text-decoration: none;\">\r\n        Disp\u00f5e sobre a ratifica\u00e7\u00e3o da Resolu\u00e7\u00e3o n.\u00ba 007/2025 da Assembleia Geral do Cons\u00f3rcio Intermunicipal de Sa\u00fade do Vale do Ribeira e Litoral Sul \u2013 Consa\u00fade, de autoria do Chefe do Poder Executivo Municipal.\r\n    </a>\r\n</p>", "author_name": "", "version": "1.0", "author_url": "https://www.pariqueraacu.sp.leg.br/author/Fabio", "provider_name": "C\u00e2mara Municipal de Pariquera-A\u00e7u", "type": "rich"}