{"provider_url": "https://www.pariqueraacu.sp.leg.br", "title": "AUDI\u00caNCIA PUBLICA EM 21/11/2024 \u00e0s 18h00", "html": "<br />\r\n<br />\r\n<br />\r\n<br />\r\n<br />\r\n<br />\r\n<br />\r\n<br />\r\n<br />\r\n\r\n\r\n<h2 style=\"text-align: center;\"><strong style=\"font-family:Helvetica; color: #0993e4; font-size: 28px\">\r\nCONVITE PARA AUDI\u00caNCIA P\u00daBLICA\r\n</strong>\r\n\r\n<br />\r\n<br />\r\n<br />\r\n\r\n\r\n<p style=\"text-align: justify; font-family: helvetica; font-size: 24px;\"> <a style=\"color: black; text-decoration: none;\"></a>\r\n<a style=\"color: #013fce; text-decoration: underline;\" href=\"https://www.pariqueraacu.sp.leg.br/institucional/noticias/\"></a>\r\n<a style=\"color: black; text-decoration: none;\">\r\nA C\u00e2mara Municipal de Pariquera-A\u00e7u, em atendimento ao art. 48, da Lei de Responsabilidade Fiscal, e com o objetivo de ampliar e aprofundar a democracia, bem como desenvolver a cidadania, \r\nconvida a popula\u00e7\u00e3o de Pariquera-A\u00e7u a participar da AUDI\u00caNCIA P\u00daBLICA a ser realizada na C\u00e2mara Municipal de Pariquera-A\u00e7u, situada na Avenida Fernando Costa, n.\u00ba 497, Centro, \r\n<b>no dia 21 de novembro de 2024 (quinta-feira), \u00e0s 18:00 horas,</b>para debates e sugest\u00f5es do:\r\n\r\n<br />\r\n<br />\r\n<br />\r\n\r\n<strong>Projeto de Lei n\u00ba. 28/2024, que \u201cEstima a receita e fixa a despesa do munic\u00edpio de Pariquera-A\u00e7u para o exerc\u00edcio financeiro de 2025\u201d.</strong></a> </p>\r\n\r\n<br />\r\n\r\n<p style=\"text-align: justify; font-family: helvetica; font-size: 24px;\">\r\nA popula\u00e7\u00e3o poder\u00e1 enviar suas d\u00favidas e sugest\u00f5es at\u00e9 o dia 21/11/2024, \u00e0s 17h00, atrav\u00e9s do e-mail ou no link:<br />\r\n\r\n<br />\r\n\r\n<span style=\"background-color: #aeb6bf; padding: 0 5px; border-radius: 3px; display: inline-block;\">\r\n<span style=\"font-weight: bold; color:#3498db; margin-right: 5px;\">|</span>\r\n<u><b><a style=\"color: black; text-decoration: none;\">camara@camarapariquera.sp.gov.br &nbsp;</a></b></u>\r\n</span> <br />\r\n\r\n\r\n\r\n<p style=\"text-align: justify; font-family: helvetica; font-size: 18px; display: none;\">\r\n    <a style=\"color: black; text-decoration: none;\"></a>\r\n    <a href=\"https://www.pariqueraacu.sp.leg.br/institucional/noticias/loa_2025\" style=\"color: #013fce; text-decoration: underline;\">LINK PARA ENVIO DE PERGUNTAS</a>\r\n</p>\r\n\r\n\r\n<br /><br />\r\n\r\n<p style=\"text-align: justify; font-family: helvetica; font-size: 18px;\"> <a style=\"color: black; text-decoration: none;\"></a>\r\n<a href=\"https://sapl.pariqueraacu.sp.leg.br/media/sapl/public/materialegislativa/2024/3871/pl_28_2024_loa.pdf\" style=\"color: #013fce; text-decoration: underline;\">CONVITE</a>\r\n\r\n\r\n\r\n<br />\r\n    \r\n<p style=\"text-align: justify; font-family: helvetica; font-size: 18px;\"> <a style=\"color: black; text-decoration: none;\"></a>\r\n<a href=\"https://sapl.pariqueraacu.sp.leg.br/media/sapl/public/documentoacessorio/2024/1930/convite_loa_2025.pdf\" style=\"color: #013fce; text-decoration: underline;\">PROJETO DE LEI 28/2024</a>\r\n\r\n<br />\r\n<br /><br />\r\n\r\n<p style=\"text-align: justify; font-family: helvetica; font-size: 24px;\">\r\nContamos com a participa\u00e7\u00e3o de todos os cidad\u00e3os para enriquecermos o debate e fortalecermos a democracia.<br />\r\n\r\n</a> </p>\r\n\r\n\r\n", "author_name": "", "version": "1.0", "author_url": "https://www.pariqueraacu.sp.leg.br/author/Fabio", "provider_name": "C\u00e2mara Municipal de Pariquera-A\u00e7u", "type": "rich"}