{"provider_url": "https://www.pariqueraacu.sp.leg.br", "title": "AUDI\u00caNCIA PUBLICA EM 27/06/2024 \u00e0s 18h00", "html": "<br />\r\n<br />\r\n<br />\r\n<br />\r\n<br />\r\n<br />\r\n<br />\r\n<br />\r\n<br />\r\n\r\n<h2 style=\"text-align: center;\"><strong style=\"font-family:Helvetica; color: #0993e4; font-size: 28px\">\r\nCONVITE PARA AUDI\u00caNCIA P\u00daBLICA\r\n</strong>\r\n\r\n<br />\r\n<br />\r\n<br />\r\n\r\n\r\n<p style=\"text-align: justify; font-family: helvetica; font-size: 24px;\">\r\n    Devido a n\u00e3o realiza\u00e7\u00e3o da Audi\u00eancia P\u00fablica anteriormente agendada, por circunst\u00e2ncias imprevistas, a C\u00e2mara Municipal de Pariquera-A\u00e7u, em atendimento ao art. 48 da Lei de Responsabilidade Fiscal, e com o objetivo de ampliar e aprofundar a democracia, bem como desenvolver a cidadania, convida a popula\u00e7\u00e3o de Pariquera-A\u00e7u a participar da <u><b>AUDI\u00caNCIA P\u00daBLICA</b></u> a ser realizada na sede da C\u00e2mara Municipal, situada na Avenida Dr. Fernando Costa, n.\u00ba 497, Centro, <b>no dia 27 de junho de 2024 (quinta-feira), com in\u00edcio \u00e0s 18:00 horas</b>, para debates e sugest\u00f5es do:\r\n\r\n    <br />\r\n    <br />\r\n    <br />\r\n\r\n    <strong>Projeto de Lei n\u00ba. 15/2024, que \u201cDisp\u00f5e sobre as Diretrizes Or\u00e7ament\u00e1rias para elabora\u00e7\u00e3o e execu\u00e7\u00e3o da Lei Or\u00e7ament\u00e1ria para o exerc\u00edcio financeiro de 2025\u201d.</strong>\r\n</p>\r\n\r\n<br />\r\n\r\n<p style=\"text-align: justify; font-family: helvetica; font-size: 24px;\">\r\n    A popula\u00e7\u00e3o poder\u00e1 enviar suas d\u00favidas e sugest\u00f5es at\u00e9 o dia 27/06/2024, \u00e0s 17h00, atrav\u00e9s do e-mail ou no link:<br />\r\n\r\n    <br />\r\n\r\n    <span style=\"background-color: #aeb6bf ; padding: 0 5px; border-radius: 3px; display: inline-block;\">\r\n        <span style=\"font-weight: bold; color:#3498db; margin-right: 5px;\">|</span>\r\n        <u><b> <a style=\"color: black; text-decoration: none;\">camara@camarapariquera.sp.gov.br &nbsp; </a></b></u>\r\n    </span>\r\n\r\n    \r\n\r\n<br />\r\n\r\n<p style=\"text-align: justify; font-family: helvetica; font-size: 18px;\"> <a style=\"color: black; text-decoration: none;\"></a>\r\n<a href=\"https://sapl.pariqueraacu.sp.leg.br/docadm/texto_integral/1880\" style=\"color: #013fce; text-decoration: underline;\">CONVITE</a>\r\n\r\n<p style=\"text-align: justify; font-family: helvetica; font-size: 18px;\"> <a style=\"color: black; text-decoration: none;\"></a>\r\n<a href=\"https://sapl.pariqueraacu.sp.leg.br/media/sapl/public/materialegislativa/2024/3659/pl_15_2024_ldo_completo.pdf\" style=\"color: #013fce; text-decoration: underline;\"> PROJETO DA LDO 2025 NA \u00cdNTEGRA </a>\r\n\r\n<br />\r\n\r\n<p style=\"text-align: justify; font-family: helvetica; font-size: 24px;\"> <a style=\"color: black; text-decoration: none;\"></a>\r\n<a style=\"color: #013fce; text-decoration: underline;\" href=\"https://www.pariqueraacu.sp.leg.br/institucional/noticias/\"></a>\r\n<a style=\"color: black; text-decoration: none;\">\r\n\r\n<br />\r\n\r\nContamos com a participa\u00e7\u00e3o ativa de todos os cidad\u00e3os para enriquecermos o debate e fortalecermos a democracia local. </a> </p>", "author_name": "", "version": "1.0", "author_url": "https://www.pariqueraacu.sp.leg.br/author/Fabio", "provider_name": "C\u00e2mara Municipal de Pariquera-A\u00e7u", "type": "rich"}