{"provider_url": "https://www.pariqueraacu.sp.leg.br", "title": "Edital de convoca\u00e7\u00e3o e locais das provas", "html": "<h2 style=\"text-align: center; \"><b><a title=\"\" href=\"https://www.pariqueraacu.sp.leg.br/transparencia/concurso-publico/2017/edital-de-convocacao-e-locais-de-provas-do-concurso-publico-no-1-2017\" class=\"internal-link\" target=\"_self\">EDITAL DE CONVOCA\u00c7\u00c3O PARA AS PROVAS OBJETIVAS N\u00ba 05/2017</a></b></h2>\r\n<h2 style=\"text-align: center; \"><b><a title=\"\" href=\"https://www.pariqueraacu.sp.leg.br/transparencia/concurso-publico/2017/edital-de-convocacao-e-locais-de-provas-do-concurso-publico-no-1-2017\" class=\"internal-link\" target=\"_self\">CONCURSO P\u00daBLICO N\u00ba 01/2017</a></b></h2>\r\n<p align=\"center\" style=\"text-align: center; \"><a title=\"\" href=\"https://www.pariqueraacu.sp.leg.br/transparencia/concurso-publico/2017/edital-de-convocacao-e-locais-de-provas-do-concurso-publico-no-1-2017\" class=\"internal-link\" target=\"_self\">\u00a0</a></p>\r\n<h3 align=\"center\" style=\"text-align: left; \"><a title=\"\" href=\"https://www.pariqueraacu.sp.leg.br/transparencia/concurso-publico/2017/edital-de-convocacao-e-locais-de-provas-do-concurso-publico-no-1-2017\" class=\"internal-link\" target=\"_self\">Clique aqui para acessar o Edital de convoca\u00e7\u00e3o e locais das provas</a></h3>\r\n<p align=\"center\" style=\"text-align: justify; \">\u00a0</p>\r\n<h3 style=\"text-align: justify; \"><b>PAULO ROBERTO MENDES</b><span>, Presidente da C\u00e2mara Municipal de Pariquera-A\u00e7u, Estado de S\u00e3o Paulo, torna p\u00fablico, nos termos do artigo 37 da Constitui\u00e7\u00e3o Federal, o </span><b>Edital de Convoca\u00e7\u00e3o para as Provas Objetivas n\u00ba 05/2017</b><span>, referente ao </span><b>Concurso P\u00fablico n\u00ba 01/2017</b><span>, para os cargos de provimento efetivo de </span><b>Agente Legislativo e Controlador Interno. </b><span>O prazo para interposi\u00e7\u00e3o de recursos ser\u00e1 nos dias 30 de novembro de 2017 a 01 de dezembro de 2017, o qual dever\u00e1 ser protocolizado na Sede da C\u00e2mara Municipal de Pariquera-A\u00e7u/SP.</span></h3>\r\n<h3 style=\"text-align: justify; \"><b>As provas ser\u00e3o realizadas no dia 03 de no dezembro de 2017 \u00e0s 09h00min em tr\u00eas escolas, no qual, os candidatos ser\u00e3o divididos por ordem alfab\u00e9tica, a saber:</b></h3>\r\n<h3>\u00a0</h3>\r\n<p>\u00a0</p>\r\n<h3 style=\"text-align: center; \"><b>AGENTE LEGISLATIVO</b></h3>\r\n<h3><b>\u00a0</b></h3>\r\n<h3 style=\"text-align: justify; \"><b>Candidatos cujos nomes iniciam-se pela letra (A) at\u00e9 a Letra (L), local:</b></h3>\r\n<h3 style=\"text-align: justify; \">Na E.E. Prof. Esthefano O. Paulovski, localizada na Rua Pedro Bonne, 40 - Centro - Pariquera- A\u00e7u/SP.</h3>\r\n<h3>\u00a0</h3>\r\n<h3><b>Candidatos cujos nomes iniciam-se pela letra (M) at\u00e9 a Letra (T), local:</b></h3>\r\n<h3 style=\"text-align: justify; \">Na E.M.E.F. Presidente Vargas, localizada na Rua Romeu Monti, 160 - Centro -Pariquera- A\u00e7u/SP.</h3>\r\n<h3>\u00a0</h3>\r\n<h3><b>Candidatos cujos nomes iniciam-se pela letra (U) at\u00e9 a Letra (Y), local:</b></h3>\r\n<h3 style=\"text-align: justify; \">Na E.E Prof. Sidney C. Medeiros Egydio, localizada na Linha Bom Retiro, s/n\u00b0 - Vila S\u00e3o Jo\u00e3o - Pariquera - A\u00e7u/SP.</h3>\r\n<h3>\u00a0</h3>\r\n<h3>\u00a0</h3>\r\n<h3 style=\"text-align: center; \"><b>CONTROLADOR INTERNO</b></h3>\r\n<p style=\"text-align: justify; \"><b><br /></b></p>\r\n<h3 style=\"text-align: justify; \">Na E.E Prof. Sidney C. Medeiros Egydio, localizada na Linha Bom Retiro, s/n\u00b0 - Vila S\u00e3o Jo\u00e3o - Pariquera \u2013 A\u00e7u/SP.</h3>\r\n<p>\u00a0</p>\r\n<h3 style=\"text-align: justify; \"><b>O Edital </b><b>de Convoca\u00e7\u00e3o para as Provas Objetivas n\u00ba 05/2017 </b><b>e demais atos inerentes ao Concurso P\u00fablico n\u00ba 1/2017 da C\u00e2mara Municipal de Pariquera-A\u00e7u, encontram-se dispon\u00edveis nos seguintes endere\u00e7os eletr\u00f4nicos:</b></h3>\r\n<h3 style=\"text-align: justify; \"><b>\u00a0</b></h3>\r\n<h3 style=\"text-align: justify; \"><b><a href=\"http://www.primeconcursospublicos.com.br/concurso/74/camara-municipal-de-pariquera-acu-concurso-publico\">http://www.primeconcursospublicos.com.br/concurso/74/camara-municipal-de-pariquera-acu-concurso-publico</a></b></h3>\r\n<h3 style=\"text-align: justify; \"><b>\u00a0</b></h3>\r\n<h3 style=\"text-align: justify; \"><b><a href=\"https://www.pariqueraacu.sp.leg.br/transparencia/concurso-publico/2017\">http://pariqueraacu.sp.leg.br/transparencia/concurso-publico/2017</a></b></h3>\r\n<h3 style=\"text-align: justify; \"><b>\u00a0</b></h3>\r\n<h3 style=\"text-align: justify; \">Ou no Mural da C\u00e2mara Municipal, no endere\u00e7o Av. Dr. Frenando Costa, 497, Centro, Pariquera-A\u00e7u/SP</h3>\r\n<h3 style=\"text-align: justify; \"><b>\u00a0</b>\u00a0</h3>\r\n<h3 style=\"text-align: center; \">Pariquera-A\u00e7u/SP, 30 de novembro de 2017.</h3>\r\n<h3>\u00a0</h3>\r\n<h3>\u00a0</h3>\r\n<h3 style=\"text-align: center; \"><b><span>PAULO ROBERTO MENDES</span></b></h3>\r\n<h3 style=\"text-align: center; \"><b>Presidente da C\u00e2mara Municipal</b></h3>", "author_name": "", "version": "1.0", "author_url": "https://www.pariqueraacu.sp.leg.br/author/Gilberto", "provider_name": "C\u00e2mara Municipal de Pariquera-A\u00e7u", "type": "rich"}