{"provider_url": "https://www.pariqueraacu.sp.leg.br", "title": "Edital de Extrato de Recursos", "html": "<h2 style=\"text-align: center; \"><b><a title=\"\" href=\"https://www.pariqueraacu.sp.leg.br/transparencia/concurso-publico/2017/edital-de-extrato-de-recursos-no-7-2017\" class=\"internal-link\" target=\"_self\">EDITAL DE EXTRATO DE RECURSOS N\u00ba 07/2017</a></b></h2>\r\n<h2 style=\"text-align: center; \"><b><a title=\"\" href=\"https://www.pariqueraacu.sp.leg.br/transparencia/concurso-publico/2017/edital-de-extrato-de-recursos-no-7-2017\" class=\"internal-link\" target=\"_self\">CONCURSO P\u00daBLICO N\u00ba 01/2017</a></b></h2>\r\n<h3 align=\"center\" style=\"text-align: left; \"></h3>\r\n<h3 align=\"center\" style=\"text-align: left; \"><a title=\"\" href=\"https://www.pariqueraacu.sp.leg.br/transparencia/concurso-publico/2017/edital-de-extrato-de-recursos-no-7-2017\" class=\"internal-link\" target=\"_self\">Clique aqui para visualizar em arquivo .pdf\u00a0</a></h3>\r\n<p align=\"center\"><span>\u00a0</span></p>\r\n<h3 style=\"text-align: justify; \">PAULO ROBERTO MENDES, Presidente da C\u00e2mara Municipal de Pariquera-A\u00e7u, Estado de S\u00e3o Paulo, torna p\u00fablico, nos termos do artigo 37 da Constitui\u00e7\u00e3o Federal, o <b>Edital de Extrato de Recursos n\u00ba 07/2017</b>, referente ao <b>Concurso P\u00fablico n\u00ba 01/2017</b>, para os cargos de provimento efetivo de <b>Agente Legislativo e Controlador Interno. </b></h3>\r\n<p align=\"center\"><b><span>\u00a0</span></b></p>\r\n<table>\r\n<tbody>\r\n<tr>\r\n<td>\r\n<p align=\"center\"><b>Ordem </b></p>\r\n</td>\r\n<td>\r\n<p align=\"center\"><b>Nome </b></p>\r\n</td>\r\n<td>\r\n<p align=\"center\"><b>Cargo</b></p>\r\n</td>\r\n<td>\r\n<p align=\"center\"><b>Resultado</b></p>\r\n</td>\r\n</tr>\r\n<tr>\r\n<td>\r\n<p align=\"center\">001</p>\r\n</td>\r\n<td>\r\n<p>Alessandro Jos\u00e9 de Lima Pontes</p>\r\n</td>\r\n<td>\r\n<p align=\"center\">Agente Legislativo</p>\r\n</td>\r\n<td>\r\n<p align=\"center\">Improcedente</p>\r\n</td>\r\n</tr>\r\n<tr>\r\n<td>\r\n<p align=\"center\">002</p>\r\n</td>\r\n<td>\r\n<p>Anderson Mariano Bueno</p>\r\n</td>\r\n<td>\r\n<p align=\"center\">Agente Legislativo</p>\r\n</td>\r\n<td>\r\n<p align=\"center\">Improcedente</p>\r\n</td>\r\n</tr>\r\n<tr>\r\n<td>\r\n<p align=\"center\">003</p>\r\n</td>\r\n<td>\r\n<p>Danilo Reginato Guerra</p>\r\n</td>\r\n<td>\r\n<p align=\"center\">Agente Legislativo</p>\r\n</td>\r\n<td>\r\n<p align=\"center\">Procedente</p>\r\n</td>\r\n</tr>\r\n<tr>\r\n<td>\r\n<p align=\"center\">004</p>\r\n</td>\r\n<td>\r\n<p>F\u00e1bio Liberato Mandira</p>\r\n</td>\r\n<td>\r\n<p align=\"center\">Agente Legislativo</p>\r\n</td>\r\n<td>\r\n<p align=\"center\">Procedente</p>\r\n</td>\r\n</tr>\r\n<tr>\r\n<td>\r\n<p align=\"center\">005</p>\r\n</td>\r\n<td>\r\n<p>Fabricio Dias da Cruz</p>\r\n</td>\r\n<td>\r\n<p align=\"center\">Agente Legislativo</p>\r\n</td>\r\n<td>\r\n<p align=\"center\">Procedente</p>\r\n</td>\r\n</tr>\r\n<tr>\r\n<td>\r\n<p align=\"center\">006</p>\r\n</td>\r\n<td>\r\n<p>Gerson Ant\u00f4nio Pereira Ribeiro</p>\r\n</td>\r\n<td>\r\n<p align=\"center\">Agente Legislativo</p>\r\n</td>\r\n<td>\r\n<p align=\"center\">Procedente</p>\r\n</td>\r\n</tr>\r\n<tr>\r\n<td>\r\n<p align=\"center\">007</p>\r\n</td>\r\n<td>\r\n<p>Irno Miguel Andres</p>\r\n</td>\r\n<td>\r\n<p align=\"center\">Agente Legislativo</p>\r\n</td>\r\n<td>\r\n<p align=\"center\">Improcedente</p>\r\n</td>\r\n</tr>\r\n<tr>\r\n<td>\r\n<p align=\"center\">008</p>\r\n</td>\r\n<td>\r\n<p>Jozir de Oliveira Junior</p>\r\n</td>\r\n<td>\r\n<p align=\"center\">Agente Legislativo</p>\r\n</td>\r\n<td>\r\n<p align=\"center\">Parcialmente Procedente</p>\r\n</td>\r\n</tr>\r\n<tr>\r\n<td>\r\n<p align=\"center\">009</p>\r\n</td>\r\n<td>\r\n<p>Murilo Xavier da Silva</p>\r\n</td>\r\n<td>\r\n<p align=\"center\">Agente Legislativo</p>\r\n</td>\r\n<td>\r\n<p align=\"center\">Improcedente</p>\r\n</td>\r\n</tr>\r\n<tr>\r\n<td>\r\n<p align=\"center\">010</p>\r\n</td>\r\n<td>\r\n<p>Nelson Valter Reis de Macedo</p>\r\n</td>\r\n<td>\r\n<p align=\"center\">Agente Legislativo</p>\r\n</td>\r\n<td>\r\n<p align=\"center\">Improcedente</p>\r\n</td>\r\n</tr>\r\n<tr>\r\n<td>\r\n<p align=\"center\">011</p>\r\n</td>\r\n<td>\r\n<p>Rafael Xavier Pereira</p>\r\n</td>\r\n<td>\r\n<p align=\"center\">Agente Legislativo</p>\r\n</td>\r\n<td>\r\n<p align=\"center\">Improcedente</p>\r\n</td>\r\n</tr>\r\n<tr>\r\n<td>\r\n<p align=\"center\">012</p>\r\n</td>\r\n<td>\r\n<p>Rog\u00e9rio Celeste</p>\r\n</td>\r\n<td>\r\n<p align=\"center\">Agente Legislativo</p>\r\n</td>\r\n<td>\r\n<p align=\"center\">Parcialmente Procedente</p>\r\n</td>\r\n</tr>\r\n<tr>\r\n<td>\r\n<p align=\"center\">013</p>\r\n</td>\r\n<td>\r\n<p>Felipe dos Santos Mesquita</p>\r\n</td>\r\n<td>\r\n<p align=\"center\">Controlador Interno</p>\r\n</td>\r\n<td>\r\n<p align=\"center\">Parcialmente Procedente</p>\r\n</td>\r\n</tr>\r\n<tr>\r\n<td>\r\n<p align=\"center\">014</p>\r\n</td>\r\n<td>\r\n<p>Gustavo Bonif\u00e1cio Nascimento</p>\r\n</td>\r\n<td>\r\n<p align=\"center\">Controlador Interno</p>\r\n</td>\r\n<td>\r\n<p align=\"center\">Improcedente</p>\r\n</td>\r\n</tr>\r\n<tr>\r\n<td>\r\n<p align=\"center\">015</p>\r\n</td>\r\n<td>\r\n<p>Guilherme da Costa Lopes</p>\r\n</td>\r\n<td>\r\n<p align=\"center\">Controlador Interno</p>\r\n</td>\r\n<td>\r\n<p align=\"center\">Improcedente</p>\r\n</td>\r\n</tr>\r\n<tr>\r\n<td>\r\n<p align=\"center\">016</p>\r\n</td>\r\n<td>\r\n<p>Ivanilda Maria Souza Carvalho</p>\r\n</td>\r\n<td>\r\n<p align=\"center\">Controlador Interno</p>\r\n</td>\r\n<td>\r\n<p align=\"center\">Improcedente</p>\r\n</td>\r\n</tr>\r\n</tbody>\r\n</table>\r\n<p align=\"center\">\u00a0</p>\r\n<p align=\"center\">\u00a0</p>\r\n<h3 style=\"text-align: center; \">Pariquera-A\u00e7u/SP, 14 de dezembro de 2017.</h3>\r\n<h3>\u00a0</h3>\r\n<h3 style=\"text-align: center; \"><b><span>PAULO ROBERTO MENDES</span></b></h3>\r\n<h3 style=\"text-align: center; \"><b>Presidente da C\u00e2mara Municipal</b></h3>", "author_name": "", "version": "1.0", "author_url": "https://www.pariqueraacu.sp.leg.br/author/Gilberto", "provider_name": "C\u00e2mara Municipal de Pariquera-A\u00e7u", "type": "rich"}