{"provider_url": "https://www.pariqueraacu.sp.leg.br", "title": "PAUTA DA SESS\u00c3O ORDIN\u00c1RIA DE 07/05/2018", "html": "<p style=\"text-align: justify; \"><b>1 -\u00a0\u00a0</b><b>EXPEDIENTE DO SENHOR</b><b>\u00a0PREFEITO:</b></p>\r\n<p style=\"text-align: justify; \"><b>1.1 OF\u00cdCIOS:</b></p>\r\n<p style=\"text-align: justify; \"><b>- OF\u00cdCIO N. 161/2018</b>, EM RESPOSTA AO REQUERIMENTO N. 47/2018, DE AUTORIA DO VEREADOR RODRIGO MENDES.</p>\r\n<p style=\"text-align: justify; \"><b>- OF\u00cdCIO N. 178/2018</b>, EM RESPOSTA AO REQUERIMENTO N. 48/2018, DE AUTORIA DO VEREADOR RODRIGO MENDES.</p>\r\n<p style=\"text-align: justify; \"><b>- OF\u00cdCIO N. 180/2018</b>, EM RESPOSTA AO REQUERIMENTO N. 51/2018, DE AUTORIA DO VEREADOR M\u00c1RIO MIRANDA.</p>\r\n<p style=\"text-align: justify; \"><b>- OF\u00cdCIO N. 181/2018</b>, EM RESPOSTA AO REQUERIMENTO N. 54/2018, DE AUTORIA DO VEREADOR RODRIGO MENDES.</p>\r\n<p style=\"text-align: justify; \"><b>- OF\u00cdCIO N. 185/2018</b>, QUE SOLICITA A RETIRADA DO PROJETO DE LEI N.09/2018, QUE \u201cDISP\u00d5E SOBRE ALTERA\u00c7\u00c3O DA LEI N. 655/2017 PLANO PLURIANUAL DO MUNIC\u00cdPIO, PARA O QUADRI\u00caNIO DE 2018 A 2021 E D\u00c1 OUTRAS PROVID\u00caNCIAS\u201d.</p>\r\n<p style=\"text-align: justify; \"><b>- OF\u00cdCIO N. 187/2018</b>, QUE ENCAMINHA C\u00d3PIA DA LEI N. 679/2018.</p>\r\n<p style=\"text-align: justify; \">\u00a0</p>\r\n<p style=\"text-align: justify; \"><strong>1.2 PROJETO:</strong></p>\r\n<p style=\"text-align: justify; \"><b>* LEITURA DA MENSAGEM DO PROJETO DE LEI N. 11/2018,\u00a0</b>QUE \"DISP\u00d5E SOBRE AS DIRETRIZES OR\u00c7AMENT\u00c1RIAS PARA ELABORA\u00c7\u00c3O E EXECU\u00c7\u00c3O DA LEI OR\u00c7AMENT\u00c1RIA PARA O EXERC\u00cdCIO FINANCEIRO DE 2019, E D\u00c1 OUTRAS PROVID\u00caNCIAS\u201d.</p>\r\n<p style=\"text-align: justify; \">\u00a0</p>\r\n<p style=\"text-align: justify; \"><b>2 -\u00a0</b><b>EXPEDIENTE DOS SENHORES VEREADORES</b><b>:</b></p>\r\n<p style=\"text-align: justify; \"><strong>2.1 PROJETOS:</strong></p>\r\n<p style=\"text-align: justify; \"><b>* LEITURA DA JUSTIFICATIVA DO PROJETO DE LEI N. 08/2018,\u00a0</b>QUE \u201cDISP\u00d5E SOBRE REVOGA\u00c7\u00c3O DA LEI N. 669/2018, A QUAL CONCEDEU REVIS\u00c3O GERAL ANUAL AOS SUBS\u00cdDIOS DOS VEREADORES DE PARIQUERA-A\u00c7U/SP\u201d, DE AUTORIA DA COMISS\u00c3O DE CONSTITUI\u00c7\u00c3O, JUSTI\u00c7A E REDA\u00c7\u00c3O.</p>\r\n<p style=\"text-align: justify; \"><b>- PROJETO DE DECRETO LEGISLATIVO N.1/18</b><span>, DE AUTORIA DO VEREADOR M\u00c1RIO MIRANDA, CONCEDENDO DIPLOMA DE M\u00c9RITO AO SENHOR FL\u00c1VIO DE OLIVEIRA.</span></p>\r\n<p style=\"text-align: justify; \"><b>- PROJETO DE DECRETO LEGISLATIVO N.2/18</b>, DE AUTORIA DO VEREADOR ELIEL COPPI, CONCEDENDO T\u00cdTULO HONOR\u00cdFICO DE CIDAD\u00c3 PARIQUERENSE \u00c0 SENHORA MARIA BENEDICTA DA SILVA.</p>\r\n<p style=\"text-align: justify; \"><b>- PROJETO DE DECRETO LEGISLATIVO N.3/18</b>, DE AUTORIA DO VEREADOR PROF. SERGIO CHEMITE, CONCEDENDO T\u00cdTULO HONOR\u00cdFICO DE CIDAD\u00c3 PARIQUERENSE \u00c0 SENHORITA LIDIANE CARDOSO DAS NEVES.</p>\r\n<p style=\"text-align: justify; \"><b>- PROJETO DE DECRETO LEGISLATIVO N.4/18</b>, DE AUTORIA DA VEREADORA TEREZA DOS SANTOS, CONCEDENDO T\u00cdTULO HONOR\u00cdFICO DE CIDAD\u00c3 PARIQUERENSE \u00c0 SENHORA DEBORAH APARECIDA DA SILVA.</p>\r\n<p style=\"text-align: justify; \"><b>- PROJETO DE DECRETO LEGISLATIVO N.5/18</b>, DE AUTORIA DO VEREADOR PAULO ROBERTO MENDES, CONCEDENDO DIPLOMA DE M\u00c9RITO \u00c0 SENHORA ANEZIA KUZNIER TRIANOSKI.</p>\r\n<p style=\"text-align: justify; \"><b>- PROJETO DE DECRETO LEGISLATIVO N.6/18</b>, DE AUTORIA DO VEREADOR DORIVAL REIS, CONCEDENDO T\u00cdTULO HONOR\u00cdFICO DE CIDAD\u00c3O PARIQUERENSE AO SENHOR RADI GEBARA NETO.</p>\r\n<p style=\"text-align: justify; \"><b>- PROJETO DE DECRETO LEGISLATIVO N.7/18</b>, DE AUTORIA DO VEREADOR MILTON TICACA, CONCEDENDO T\u00cdTULO HONOR\u00cdFICO DE CIDAD\u00c3 PARIQUERENSE \u00c0 SENHORA RUTH GOUV\u00caA DE BUNDESEN.</p>\r\n<p style=\"text-align: justify; \">\u00a0</p>\r\n<p style=\"text-align: justify; \"><strong>2.2</strong><b> - PROPOSITURAS:</b></p>\r\n<p style=\"text-align: justify; \">\u00a0-\u00a0<b>INDICA\u00c7\u00c3O\u00a0</b><b>N\u00ba\u00a0</b><b>107/2018</b>, AO SENHOR PREFEITO MUNICIPAL, QUE SOLICITA \u00a0INSTALA\u00c7\u00c3O DE DOIS REDUTORES DE VELOCIDADE (LOMBADAS) NA RUA JOS\u00c9 SIEDLARCZYK, UM PR\u00d3XIMO AO N\u00daMERO 103 E O OUTRO PR\u00d3XIMO AO N\u00daMERO 169, VILA ROSELI, DE AUTORIA DOS VEREADORES M\u00c1RIO MIRANDA E MILTON TICACA.</p>\r\n<p style=\"text-align: justify; \">\u00a0-\u00a0<b>INDICA\u00c7\u00c3O\u00a0</b><b>N\u00ba</b><b>\u00a0108/2018</b>, AO SENHOR PREFEITO MUNICIPAL, QUE SOLICITA INSTALA\u00c7\u00c3O DE DOIS REDUTORES DE VELOCIDADE (LOMBADAS) NA RUA PEDRO BAHIA DOS SANTOS, UM PR\u00d3XIMO AO N\u00daMERO 45 E O OUTRO PR\u00d3XIMO AO N\u00daMERO 147, VILA MARIA, DE AUTORIA DO VEREADOR M\u00c1RIO MIRANDA.</p>\r\n<p style=\"text-align: justify; \">\u00a0-\u00a0<b>INDICA\u00c7\u00c3O\u00a0</b><b>N\u00ba</b><b>\u00a0110/2018</b>, AO SENHOR PREFEITO MUNICIPAL, QUE SOLICITA O PATROLAMENTO E COLOCA\u00c7\u00c3O DE FRESA ASF\u00c1LTICA NA RUA BALDEVINO GUATURA, ALTURA DA QUADRA 15, JARDIM S\u00c3O CARLOS, DE AUTORIA DO VEREADOR ELIEL COPPI.</p>\r\n<p style=\"text-align: justify; \">\u00a0-\u00a0<b>INDICA\u00c7\u00c3O\u00a0</b><b>N\u00ba</b><b>\u00a0111/2018</b>, AO SENHOR PREFEITO MUNICIPAL, QUE SOLICITA A REALIZA\u00c7\u00c3O DE PATROLAMENTO COM FRESA ASF\u00c1LTICA, OU, UM CASCALHO MELHOR DO QUE O UTILIZADO NA ESTRADA DO BRA\u00c7O PRETO, SENTIDO CAMPINA DO ENCANTADO PELA VILA PALMIRA, DE AUTORIA DO VEREADOR RODRIGO MENDES.</p>\r\n<p style=\"text-align: justify; \">\u00a0-\u00a0<b>INDICA\u00c7\u00c3O N\u00ba 112/2018</b>, AO SENHOR PREFEITO MUNICIPAL, QUE SOLICITA A SOLU\u00c7\u00c3O URGENTE NO ESCOAMENTO DE \u00c1GUA DA RUA DOS EXPEDICION\u00c1RIOS PR\u00d3XIMO \u00c0 CL\u00cdNICA DE FISIOTERAPIA, DE AUTORIA DO VEREADOR RODRIGO MENDES.</p>\r\n<p style=\"text-align: justify; \">-\u00a0<b>LEITURA D</b><b>O REQUERIMENTO\u00a0</b><b>N\u00ba\u00a0</b><b>067</b><b>/201</b><b>8</b>, AO ENGENHEIRO RESPONS\u00c1VEL PELA DER-5 PARIQUERA-A\u00c7U, SR. JO\u00c3O CARLOS ROSIM SABINO, QUE SOLICITA INFORMA\u00c7\u00c3O REFERENTE \u00c0 PONTE SITUADA NA RUA MARCELO KOZIKOSKI, PR\u00d3XIMA AO N\u00ba 319, DE AUTORIA DOS VEREADORES M\u00c1RIO MIRANDA E PAULO ROBERTO MENDES.</p>\r\n<p style=\"text-align: justify; \">-\u00a0<b>LEITURA D</b><b>O REQUERIMENTO\u00a0</b><b>N\u00ba\u00a0</b><b>068</b><b>/201</b><b>8</b>, AO GERENTE GERAL DA AG\u00caNCIA DA CAIXA ECON\u00d4MICA FEDERAL DE PARIQUERA-A\u00c7U, SR. LUIZ ERNANI, QUE SOLICITA INFORMA\u00c7\u00d5ES SOBRE ATENDIMENTOS \u00c0 CLIENTES E USU\u00c1RIOS DE SERVI\u00c7OS DA CAIXA ECON\u00d4MICA FEDERAL, AG\u00caNCIA DE PARIQUERA-A\u00c7U, DE AUTORIA DO VEREADOR PROF. SERGIO CHEMITE.</p>\r\n<p style=\"text-align: justify; \">-\u00a0<b>LEITURA D</b><b>O REQUERIMENTO\u00a0</b><b>N\u00ba\u00a0</b><b>069</b><b>/201</b><b>8</b>, AO PODER EXECUTIVO, POR MEIO DA DIRETORA DO DEPARTAMENTO JUR\u00cdDICO, DRA. SIMONE SILVA MELCHER, QUE SOLICITA INFORMA\u00c7\u00c3O REFERENTE \u00c0 INSTAURA\u00c7\u00c3O DE SINDIC\u00c2NCIA A PARTIR DA PORTARIA 110/2018, DE AUTORIA DO VEREADOR RODRIGO MENDES.</p>\r\n<p style=\"text-align: justify; \">-\u00a0<b>LEITURA D</b><b>O REQUERIMENTO\u00a0</b><b>N\u00ba\u00a0</b><b>070</b><b>/201</b><b>8</b>, AO DIRETOR DO DEPARTAMENTO DE ADMINISTRA\u00c7\u00c3O, SR. JO\u00c3O BATISTA DE ANDRADE, QUE SOLICITA INFORMA\u00c7\u00c3O REFERENTE \u00c0 INFORMA\u00c7\u00c3O DO CONTRATO 02/2018 \u2013 LOCA\u00c7\u00c3O DE IM\u00d3VEL PARA ABRIGAR ANIMAIS, DE AUTORIA DO VEREADOR RODRIGO MENDES.</p>\r\n<p style=\"text-align: justify; \">-\u00a0<b>LEITURA D</b><b>O REQUERIMENTO\u00a0</b><b>N\u00ba\u00a0</b><b>071</b><b>/201</b><b>8</b>, AO \u00a0PODER EXECUTIVO, POR MEIO DO DIRETOR DO DEPARTAMENTO DE OBRAS, SR. PAULO HENRIQUE BARBOSA, QUE SOLICITA INFORMA\u00c7\u00c3O REFERENTE AO ALARGAMENTO DA PONTE DOS EXPEDICION\u00c1RIOS, SENTIDO VILA PALMIRA, DE AUTORIA DO VEREADOR RODRIGO MENDES.</p>\r\n<p style=\"text-align: justify; \">-\u00a0<b>LEITURA D</b><b>A MO\u00c7\u00c3O DE PESAR\u00a0</b><b>N\u00ba\u00a0</b><b>07</b><b>/201</b><b>8</b>, PELO FALECIMENTO DO SENHOR LEDENIL GOL\u00c7ALVES, VUGO EDINHO, OCORRIDO NO DIA 9 DE MAR\u00c7O DO CORRENTE ANO, DE AUTORIA DO VEREADOR RODRIGO MENDES.</p>\r\n<p style=\"text-align: justify; \">-\u00a0<b>LEITURA D</b><b>A MO\u00c7\u00c3O DE PESAR\u00a0</b><b>N\u00ba\u00a0</b><b>08</b><b>/201</b><b>8</b>, PELO FALECIMENTO DA SENHORA ELIANA ALVES, OCORRIDO NO DIA 22 DE ABRIL DO CORRENTE ANO, DE AUTORIA DO VEREADOR RODRIGO MENDES.</p>\r\n<p style=\"text-align: justify; \">\u00a0</p>\r\n<p style=\"text-align: justify; \"><strong>3 - ORDEM DO DIA</strong></p>\r\n<p style=\"text-align: justify; \"><b>* LEITURA </b><b>DO PARECER CONJUNTO DA COMISS\u00c3O DE CONSTITUI\u00c7\u00c3O, JUSTI\u00c7A E REDA\u00c7\u00c3O E DA COMISS\u00c3O DE FINAN\u00c7AS E OR\u00c7AMENTO N. 23, DA EMENDA MODIFICATIVA, DA EMENDA SUPRESSIVA, </b>REFERENTES AO PROJETO DE LEI N\u00ba 10/2018,<b> </b>QUE \u201cAUTORIZA A CESS\u00c3O, EM PERMISS\u00c3O DE USO, DE TERRENO PARA INSTALA\u00c7\u00c3O DE ESTA\u00c7\u00c3O ELEVAT\u00d3RIA E FAIXA DE SERVID\u00c3O DE REDE COLETORA DE ESGOTO\u201d, DE AUTORIA DO CHEFE DO PODER EXECUTIVO MUNICIPAL.</p>", "author_name": "", "version": "1.0", "author_url": "https://www.pariqueraacu.sp.leg.br/author/Edson", "provider_name": "C\u00e2mara Municipal de Pariquera-A\u00e7u", "type": "rich"}